{"id":580,"date":"2018-11-12T15:25:05","date_gmt":"2018-11-12T14:25:05","guid":{"rendered":"http:\/\/www.herztoenchen.com\/ukulelefee\/?p=580"},"modified":"2023-12-01T14:25:03","modified_gmt":"2023-12-01T13:25:03","slug":"wir-sagen-euch-an-den-lieben-advent","status":"publish","type":"post","link":"https:\/\/www.herztoenchen.com\/ukulelefee\/wir-sagen-euch-an-den-lieben-advent\/","title":{"rendered":"Wir sagen euch an den lieben Advent"},"content":{"rendered":"<div class=\"wpb-content-wrapper\"><p>[vc_row][vc_column][vc_btn title=&#8220;Download&#8220; color=&#8220;chino&#8220; link=&#8220;url:http%3A%2F%2Fwww.herztoenchen.com%2Fukulelefee%2Fwp-content%2Fuploads%2F2023%2F12%2FNoten-E-Book-Wir-sagen-euch-an-den-lieben-Advent.pdf|title:Wir%20sagen%20euch%20an%20den%20lieben%20Advent||&#8220;][\/vc_column][\/vc_row][vc_row][vc_column][vc_column_text]<a href=\"https:\/\/www.herztoenchen.com\/ukulelefee\/wp-content\/uploads\/2023\/12\/Noten-E-Book-Wir-sagen-euch-an-den-lieben-Advent.pdf\" class=\"pdfemb-viewer\" style=\"\" data-width=\"max\" data-height=\"max\" data-toolbar=\"bottom\" data-toolbar-fixed=\"off\">Noten E-Book Wir sagen euch an den lieben Advent<\/a><\/p>\n<p>&nbsp;<\/p>\n<p>&nbsp;<\/p>\n<p><noscript>&lt;A rel=&#8220;nofollow&#8220; HREF=&#8220;\/\/ws-eu.amazon-adsystem.com\/widgets\/q?rt=tf_cw&amp;ServiceVersion=20070822&amp;MarketPlace=DE&amp;ID=V20070822%2FDE%2Fherztfamilund-21%2F8010%2F4c233057-9ff7-449f-b16c-a18a1cb6c7d2&amp;Operation=NoScript&#8220;&gt;Amazon.de Widgets&lt;\/A&gt;<\/noscript>[\/vc_column_text][\/vc_column][\/vc_row]<\/p>\n<\/div>","protected":false},"excerpt":{"rendered":"<p>[vc_row][vc_column][vc_btn title=&#8220;Download&#8220; color=&#8220;chino&#8220; link=&#8220;url:http%3A%2F%2Fwww.herztoenchen.com%2Fukulelefee%2Fwp-content%2Fuploads%2F2023%2F12%2FNoten-E-Book-Wir-sagen-euch-an-den-lieben-Advent.pdf|title:Wir%20sagen%20euch%20an%20den%20lieben%20Advent||&#8220;][\/vc_column][\/vc_row][vc_row][vc_column][vc_column_text] &nbsp; &nbsp; &lt;A rel=&#8220;nofollow&#8220; HREF=&#8220;\/\/ws-eu.amazon-adsystem.com\/widgets\/q?rt=tf_cw&amp;ServiceVersion=20070822&amp;MarketPlace=DE&amp;ID=V20070822%2FDE%2Fherztfamilund-21%2F8010%2F4c233057-9ff7-449f-b16c-a18a1cb6c7d2&amp;Operation=NoScript&#8220;&gt;Amazon.de Widgets&lt;\/A&gt;[\/vc_column_text][\/vc_column][\/vc_row]<\/p>\n","protected":false},"author":1,"featured_media":491,"comment_status":"open","ping_status":"open","sticky":false,"template":"","format":"link","meta":{"_jetpack_memberships_contains_paid_content":false,"footnotes":"","jetpack_publicize_message":"","jetpack_publicize_feature_enabled":true,"jetpack_social_post_already_shared":true,"jetpack_social_options":{"image_generator_settings":{"template":"highway","default_image_id":0,"font":"","enabled":false},"version":2}},"categories":[150],"tags":[157,41,40,54,55,51,52,46,39,42,107,43,45,44,53,67,156],"class_list":["post-580","post","type-post","status-publish","format-link","has-post-thumbnail","hentry","category-weihnachten","tag-advent","tag-akkorde","tag-chords","tag-musicnotes","tag-musiknoten","tag-noten","tag-noten-fuer-ukulele","tag-sheetmusic","tag-ukulele","tag-ukulele-spielen","tag-ukulele-tabulator","tag-ukulelelehrer","tag-ukulelemusik","tag-ukuleleteacher","tag-ukutabs","tag-weihnachten","tag-wir-sagen-euch-an-den-lieben-advent","post_format-post-format-link"],"yoast_head":"<!-- This site is optimized with the Yoast SEO plugin v23.7 - https:\/\/yoast.com\/wordpress\/plugins\/seo\/ -->\n<title>Wir sagen euch an den lieben Advent - UkuleleFee<\/title>\n<meta name=\"robots\" content=\"index, follow, max-snippet:-1, max-image-preview:large, max-video-preview:-1\" \/>\n<link rel=\"canonical\" href=\"https:\/\/www.herztoenchen.com\/ukulelefee\/wir-sagen-euch-an-den-lieben-advent\/\" \/>\n<meta property=\"og:locale\" content=\"de_DE\" \/>\n<meta property=\"og:type\" content=\"article\" \/>\n<meta property=\"og:title\" content=\"Wir sagen euch an den lieben Advent - UkuleleFee\" \/>\n<meta property=\"og:description\" content=\"[vc_row][vc_column][vc_btn title=&#8220;Download&#8220; color=&#8220;chino&#8220; link=&#8220;url:http%3A%2F%2Fwww.herztoenchen.com%2Fukulelefee%2Fwp-content%2Fuploads%2F2023%2F12%2FNoten-E-Book-Wir-sagen-euch-an-den-lieben-Advent.pdf|title:Wir%20sagen%20euch%20an%20den%20lieben%20Advent||&#8220;][\/vc_column][\/vc_row][vc_row][vc_column][vc_column_text] &nbsp; &nbsp; &lt;A rel=&#8220;nofollow&#8220; HREF=&#8220;\/\/ws-eu.amazon-adsystem.com\/widgets\/q?rt=tf_cw&amp;ServiceVersion=20070822&amp;MarketPlace=DE&amp;ID=V20070822%2FDE%2Fherztfamilund-21%2F8010%2F4c233057-9ff7-449f-b16c-a18a1cb6c7d2&amp;Operation=NoScript&#8220;&gt;Amazon.de Widgets&lt;\/A&gt;[\/vc_column_text][\/vc_column][\/vc_row]\" \/>\n<meta property=\"og:url\" content=\"https:\/\/www.herztoenchen.com\/ukulelefee\/wir-sagen-euch-an-den-lieben-advent\/\" \/>\n<meta property=\"og:site_name\" content=\"UkuleleFee\" \/>\n<meta property=\"article:publisher\" content=\"https:\/\/www.facebook.com\/gabigrafeneder\" \/>\n<meta property=\"article:author\" content=\"https:\/\/www.facebook.com\/gabigrafeneder\" \/>\n<meta property=\"article:published_time\" content=\"2018-11-12T14:25:05+00:00\" \/>\n<meta property=\"article:modified_time\" content=\"2023-12-01T13:25:03+00:00\" \/>\n<meta property=\"og:image\" content=\"http:\/\/www.herztoenchen.com\/ukulelefee\/wp-content\/uploads\/2018\/11\/UkuleleTabsChords_Anfangsbuchstaben_W.png\" \/>\n\t<meta property=\"og:image:width\" content=\"1920\" \/>\n\t<meta property=\"og:image:height\" content=\"1280\" \/>\n\t<meta property=\"og:image:type\" content=\"image\/png\" \/>\n<meta name=\"author\" content=\"Gabriela\" \/>\n<meta name=\"twitter:card\" content=\"summary_large_image\" \/>\n<meta name=\"twitter:label1\" content=\"Verfasst von\" \/>\n\t<meta name=\"twitter:data1\" content=\"Gabriela\" \/>\n\t<meta name=\"twitter:label2\" content=\"Gesch\u00e4tzte Lesezeit\" \/>\n\t<meta name=\"twitter:data2\" content=\"1\u00a0Minute\" \/>\n<script type=\"application\/ld+json\" class=\"yoast-schema-graph\">{\"@context\":\"https:\/\/schema.org\",\"@graph\":[{\"@type\":\"Article\",\"@id\":\"https:\/\/www.herztoenchen.com\/ukulelefee\/wir-sagen-euch-an-den-lieben-advent\/#article\",\"isPartOf\":{\"@id\":\"https:\/\/www.herztoenchen.com\/ukulelefee\/wir-sagen-euch-an-den-lieben-advent\/\"},\"author\":{\"name\":\"Gabriela\",\"@id\":\"https:\/\/www.herztoenchen.com\/ukulelefee\/#\/schema\/person\/3ba787abfc8913340575bb10e0150557\"},\"headline\":\"Wir sagen euch an den lieben Advent\",\"datePublished\":\"2018-11-12T14:25:05+00:00\",\"dateModified\":\"2023-12-01T13:25:03+00:00\",\"mainEntityOfPage\":{\"@id\":\"https:\/\/www.herztoenchen.com\/ukulelefee\/wir-sagen-euch-an-den-lieben-advent\/\"},\"wordCount\":126,\"commentCount\":0,\"publisher\":{\"@id\":\"https:\/\/www.herztoenchen.com\/ukulelefee\/#\/schema\/person\/3ba787abfc8913340575bb10e0150557\"},\"image\":{\"@id\":\"https:\/\/www.herztoenchen.com\/ukulelefee\/wir-sagen-euch-an-den-lieben-advent\/#primaryimage\"},\"thumbnailUrl\":\"https:\/\/i0.wp.com\/www.herztoenchen.com\/ukulelefee\/wp-content\/uploads\/2018\/11\/UkuleleTabsChords_Anfangsbuchstaben_W.png?fit=1920%2C1280&ssl=1\",\"keywords\":[\"Advent\",\"Akkorde\",\"Chords\",\"musicnotes\",\"Musiknoten\",\"Noten\",\"Noten f\u00fcr Ukulele\",\"Sheetmusic\",\"Ukulele\",\"Ukulele spielen\",\"Ukulele Tabulator\",\"Ukulelelehrer\",\"Ukulelemusik\",\"Ukuleleteacher\",\"Ukutabs\",\"Weihnachten\",\"Wir sagen euch an den lieben Advent\"],\"articleSection\":[\"Weihnachten\"],\"inLanguage\":\"de\",\"potentialAction\":[{\"@type\":\"CommentAction\",\"name\":\"Comment\",\"target\":[\"https:\/\/www.herztoenchen.com\/ukulelefee\/wir-sagen-euch-an-den-lieben-advent\/#respond\"]}]},{\"@type\":\"WebPage\",\"@id\":\"https:\/\/www.herztoenchen.com\/ukulelefee\/wir-sagen-euch-an-den-lieben-advent\/\",\"url\":\"https:\/\/www.herztoenchen.com\/ukulelefee\/wir-sagen-euch-an-den-lieben-advent\/\",\"name\":\"Wir sagen euch an den lieben Advent - UkuleleFee\",\"isPartOf\":{\"@id\":\"https:\/\/www.herztoenchen.com\/ukulelefee\/#website\"},\"primaryImageOfPage\":{\"@id\":\"https:\/\/www.herztoenchen.com\/ukulelefee\/wir-sagen-euch-an-den-lieben-advent\/#primaryimage\"},\"image\":{\"@id\":\"https:\/\/www.herztoenchen.com\/ukulelefee\/wir-sagen-euch-an-den-lieben-advent\/#primaryimage\"},\"thumbnailUrl\":\"https:\/\/i0.wp.com\/www.herztoenchen.com\/ukulelefee\/wp-content\/uploads\/2018\/11\/UkuleleTabsChords_Anfangsbuchstaben_W.png?fit=1920%2C1280&ssl=1\",\"datePublished\":\"2018-11-12T14:25:05+00:00\",\"dateModified\":\"2023-12-01T13:25:03+00:00\",\"breadcrumb\":{\"@id\":\"https:\/\/www.herztoenchen.com\/ukulelefee\/wir-sagen-euch-an-den-lieben-advent\/#breadcrumb\"},\"inLanguage\":\"de\",\"potentialAction\":[{\"@type\":\"ReadAction\",\"target\":[\"https:\/\/www.herztoenchen.com\/ukulelefee\/wir-sagen-euch-an-den-lieben-advent\/\"]}]},{\"@type\":\"ImageObject\",\"inLanguage\":\"de\",\"@id\":\"https:\/\/www.herztoenchen.com\/ukulelefee\/wir-sagen-euch-an-den-lieben-advent\/#primaryimage\",\"url\":\"https:\/\/i0.wp.com\/www.herztoenchen.com\/ukulelefee\/wp-content\/uploads\/2018\/11\/UkuleleTabsChords_Anfangsbuchstaben_W.png?fit=1920%2C1280&ssl=1\",\"contentUrl\":\"https:\/\/i0.wp.com\/www.herztoenchen.com\/ukulelefee\/wp-content\/uploads\/2018\/11\/UkuleleTabsChords_Anfangsbuchstaben_W.png?fit=1920%2C1280&ssl=1\",\"width\":1920,\"height\":1280},{\"@type\":\"BreadcrumbList\",\"@id\":\"https:\/\/www.herztoenchen.com\/ukulelefee\/wir-sagen-euch-an-den-lieben-advent\/#breadcrumb\",\"itemListElement\":[{\"@type\":\"ListItem\",\"position\":1,\"name\":\"Startseite\",\"item\":\"https:\/\/www.herztoenchen.com\/ukulelefee\/\"},{\"@type\":\"ListItem\",\"position\":2,\"name\":\"Wir sagen euch an den lieben Advent\"}]},{\"@type\":\"WebSite\",\"@id\":\"https:\/\/www.herztoenchen.com\/ukulelefee\/#website\",\"url\":\"https:\/\/www.herztoenchen.com\/ukulelefee\/\",\"name\":\"UkuleleFee\",\"description\":\"Ukulele, ein Instrument f\u00fcr alle\",\"publisher\":{\"@id\":\"https:\/\/www.herztoenchen.com\/ukulelefee\/#\/schema\/person\/3ba787abfc8913340575bb10e0150557\"},\"potentialAction\":[{\"@type\":\"SearchAction\",\"target\":{\"@type\":\"EntryPoint\",\"urlTemplate\":\"https:\/\/www.herztoenchen.com\/ukulelefee\/?s={search_term_string}\"},\"query-input\":{\"@type\":\"PropertyValueSpecification\",\"valueRequired\":true,\"valueName\":\"search_term_string\"}}],\"inLanguage\":\"de\"},{\"@type\":[\"Person\",\"Organization\"],\"@id\":\"https:\/\/www.herztoenchen.com\/ukulelefee\/#\/schema\/person\/3ba787abfc8913340575bb10e0150557\",\"name\":\"Gabriela\",\"image\":{\"@type\":\"ImageObject\",\"inLanguage\":\"de\",\"@id\":\"https:\/\/www.herztoenchen.com\/ukulelefee\/#\/schema\/person\/image\/\",\"url\":\"https:\/\/i0.wp.com\/www.herztoenchen.com\/ukulelefee\/wp-content\/uploads\/2023\/05\/400dpiLogoCropped_400px_MSGFarben.png?fit=400%2C400&ssl=1\",\"contentUrl\":\"https:\/\/i0.wp.com\/www.herztoenchen.com\/ukulelefee\/wp-content\/uploads\/2023\/05\/400dpiLogoCropped_400px_MSGFarben.png?fit=400%2C400&ssl=1\",\"width\":400,\"height\":400,\"caption\":\"Gabriela\"},\"logo\":{\"@id\":\"https:\/\/www.herztoenchen.com\/ukulelefee\/#\/schema\/person\/image\/\"},\"description\":\"Gabriela Grafeneder ist eine leidenschaftliche Ukulelelehrerin und YouTuberin aus \u00d6sterreich. Seit 2017 unterrichtet sie Ukulele in Form von Einzelunterricht und Workshops, sowohl in Pr\u00e4senz als auch online. Gabriela legt gro\u00dfen Wert darauf, dass ihre Sch\u00fcler*innen in ihrem Unterricht eine entspannte und motivierende Atmosph\u00e4re vorfinden, in der sie ihre musikalischen F\u00e4higkeiten entfalten und weiterentwickeln k\u00f6nnen. Auf ihrem YouTube-Kanal \\\"Ukulelefee\\\" begeistert Gabriela Grafeneder ihre Abonnentinnen mit ihren kreativen Videos rund um die Ukulele. Sie zeigt, wie man verschiedene Lieder und Akkorde auf der Ukulele spielt und gibt n\u00fctzliche Tipps und Tricks f\u00fcr Anf\u00e4ngerinnen und Fortgeschrittene. Durch ihre offene und zug\u00e4ngliche Art und ihre Begeisterung f\u00fcr die Ukulele hat Gabriela Grafeneder eine wachsende Fangemeinde aufgebaut und sich zu einer wichtigen Pers\u00f6nlichkeit in der Ukulele-Community entwickelt.\",\"sameAs\":[\"http:\/\/www.ukulelefee.at\",\"https:\/\/www.facebook.com\/gabigrafeneder\",\"https:\/\/www.instagram.com\/ukulelefee\/\",\"https:\/\/www.youtube.com\/ukulelefee\"],\"url\":\"https:\/\/www.herztoenchen.com\/ukulelefee\/author\/gabriela\/\"}]}<\/script>\n<!-- \/ Yoast SEO plugin. -->","yoast_head_json":{"title":"Wir sagen euch an den lieben Advent - UkuleleFee","robots":{"index":"index","follow":"follow","max-snippet":"max-snippet:-1","max-image-preview":"max-image-preview:large","max-video-preview":"max-video-preview:-1"},"canonical":"https:\/\/www.herztoenchen.com\/ukulelefee\/wir-sagen-euch-an-den-lieben-advent\/","og_locale":"de_DE","og_type":"article","og_title":"Wir sagen euch an den lieben Advent - UkuleleFee","og_description":"[vc_row][vc_column][vc_btn title=&#8220;Download&#8220; color=&#8220;chino&#8220; link=&#8220;url:http%3A%2F%2Fwww.herztoenchen.com%2Fukulelefee%2Fwp-content%2Fuploads%2F2023%2F12%2FNoten-E-Book-Wir-sagen-euch-an-den-lieben-Advent.pdf|title:Wir%20sagen%20euch%20an%20den%20lieben%20Advent||&#8220;][\/vc_column][\/vc_row][vc_row][vc_column][vc_column_text] &nbsp; &nbsp; &lt;A rel=&#8220;nofollow&#8220; HREF=&#8220;\/\/ws-eu.amazon-adsystem.com\/widgets\/q?rt=tf_cw&amp;ServiceVersion=20070822&amp;MarketPlace=DE&amp;ID=V20070822%2FDE%2Fherztfamilund-21%2F8010%2F4c233057-9ff7-449f-b16c-a18a1cb6c7d2&amp;Operation=NoScript&#8220;&gt;Amazon.de Widgets&lt;\/A&gt;[\/vc_column_text][\/vc_column][\/vc_row]","og_url":"https:\/\/www.herztoenchen.com\/ukulelefee\/wir-sagen-euch-an-den-lieben-advent\/","og_site_name":"UkuleleFee","article_publisher":"https:\/\/www.facebook.com\/gabigrafeneder","article_author":"https:\/\/www.facebook.com\/gabigrafeneder","article_published_time":"2018-11-12T14:25:05+00:00","article_modified_time":"2023-12-01T13:25:03+00:00","og_image":[{"width":1920,"height":1280,"url":"http:\/\/www.herztoenchen.com\/ukulelefee\/wp-content\/uploads\/2018\/11\/UkuleleTabsChords_Anfangsbuchstaben_W.png","type":"image\/png"}],"author":"Gabriela","twitter_card":"summary_large_image","twitter_misc":{"Verfasst von":"Gabriela","Gesch\u00e4tzte Lesezeit":"1\u00a0Minute"},"schema":{"@context":"https:\/\/schema.org","@graph":[{"@type":"Article","@id":"https:\/\/www.herztoenchen.com\/ukulelefee\/wir-sagen-euch-an-den-lieben-advent\/#article","isPartOf":{"@id":"https:\/\/www.herztoenchen.com\/ukulelefee\/wir-sagen-euch-an-den-lieben-advent\/"},"author":{"name":"Gabriela","@id":"https:\/\/www.herztoenchen.com\/ukulelefee\/#\/schema\/person\/3ba787abfc8913340575bb10e0150557"},"headline":"Wir sagen euch an den lieben Advent","datePublished":"2018-11-12T14:25:05+00:00","dateModified":"2023-12-01T13:25:03+00:00","mainEntityOfPage":{"@id":"https:\/\/www.herztoenchen.com\/ukulelefee\/wir-sagen-euch-an-den-lieben-advent\/"},"wordCount":126,"commentCount":0,"publisher":{"@id":"https:\/\/www.herztoenchen.com\/ukulelefee\/#\/schema\/person\/3ba787abfc8913340575bb10e0150557"},"image":{"@id":"https:\/\/www.herztoenchen.com\/ukulelefee\/wir-sagen-euch-an-den-lieben-advent\/#primaryimage"},"thumbnailUrl":"https:\/\/i0.wp.com\/www.herztoenchen.com\/ukulelefee\/wp-content\/uploads\/2018\/11\/UkuleleTabsChords_Anfangsbuchstaben_W.png?fit=1920%2C1280&ssl=1","keywords":["Advent","Akkorde","Chords","musicnotes","Musiknoten","Noten","Noten f\u00fcr Ukulele","Sheetmusic","Ukulele","Ukulele spielen","Ukulele Tabulator","Ukulelelehrer","Ukulelemusik","Ukuleleteacher","Ukutabs","Weihnachten","Wir sagen euch an den lieben Advent"],"articleSection":["Weihnachten"],"inLanguage":"de","potentialAction":[{"@type":"CommentAction","name":"Comment","target":["https:\/\/www.herztoenchen.com\/ukulelefee\/wir-sagen-euch-an-den-lieben-advent\/#respond"]}]},{"@type":"WebPage","@id":"https:\/\/www.herztoenchen.com\/ukulelefee\/wir-sagen-euch-an-den-lieben-advent\/","url":"https:\/\/www.herztoenchen.com\/ukulelefee\/wir-sagen-euch-an-den-lieben-advent\/","name":"Wir sagen euch an den lieben Advent - UkuleleFee","isPartOf":{"@id":"https:\/\/www.herztoenchen.com\/ukulelefee\/#website"},"primaryImageOfPage":{"@id":"https:\/\/www.herztoenchen.com\/ukulelefee\/wir-sagen-euch-an-den-lieben-advent\/#primaryimage"},"image":{"@id":"https:\/\/www.herztoenchen.com\/ukulelefee\/wir-sagen-euch-an-den-lieben-advent\/#primaryimage"},"thumbnailUrl":"https:\/\/i0.wp.com\/www.herztoenchen.com\/ukulelefee\/wp-content\/uploads\/2018\/11\/UkuleleTabsChords_Anfangsbuchstaben_W.png?fit=1920%2C1280&ssl=1","datePublished":"2018-11-12T14:25:05+00:00","dateModified":"2023-12-01T13:25:03+00:00","breadcrumb":{"@id":"https:\/\/www.herztoenchen.com\/ukulelefee\/wir-sagen-euch-an-den-lieben-advent\/#breadcrumb"},"inLanguage":"de","potentialAction":[{"@type":"ReadAction","target":["https:\/\/www.herztoenchen.com\/ukulelefee\/wir-sagen-euch-an-den-lieben-advent\/"]}]},{"@type":"ImageObject","inLanguage":"de","@id":"https:\/\/www.herztoenchen.com\/ukulelefee\/wir-sagen-euch-an-den-lieben-advent\/#primaryimage","url":"https:\/\/i0.wp.com\/www.herztoenchen.com\/ukulelefee\/wp-content\/uploads\/2018\/11\/UkuleleTabsChords_Anfangsbuchstaben_W.png?fit=1920%2C1280&ssl=1","contentUrl":"https:\/\/i0.wp.com\/www.herztoenchen.com\/ukulelefee\/wp-content\/uploads\/2018\/11\/UkuleleTabsChords_Anfangsbuchstaben_W.png?fit=1920%2C1280&ssl=1","width":1920,"height":1280},{"@type":"BreadcrumbList","@id":"https:\/\/www.herztoenchen.com\/ukulelefee\/wir-sagen-euch-an-den-lieben-advent\/#breadcrumb","itemListElement":[{"@type":"ListItem","position":1,"name":"Startseite","item":"https:\/\/www.herztoenchen.com\/ukulelefee\/"},{"@type":"ListItem","position":2,"name":"Wir sagen euch an den lieben Advent"}]},{"@type":"WebSite","@id":"https:\/\/www.herztoenchen.com\/ukulelefee\/#website","url":"https:\/\/www.herztoenchen.com\/ukulelefee\/","name":"UkuleleFee","description":"Ukulele, ein Instrument f\u00fcr alle","publisher":{"@id":"https:\/\/www.herztoenchen.com\/ukulelefee\/#\/schema\/person\/3ba787abfc8913340575bb10e0150557"},"potentialAction":[{"@type":"SearchAction","target":{"@type":"EntryPoint","urlTemplate":"https:\/\/www.herztoenchen.com\/ukulelefee\/?s={search_term_string}"},"query-input":{"@type":"PropertyValueSpecification","valueRequired":true,"valueName":"search_term_string"}}],"inLanguage":"de"},{"@type":["Person","Organization"],"@id":"https:\/\/www.herztoenchen.com\/ukulelefee\/#\/schema\/person\/3ba787abfc8913340575bb10e0150557","name":"Gabriela","image":{"@type":"ImageObject","inLanguage":"de","@id":"https:\/\/www.herztoenchen.com\/ukulelefee\/#\/schema\/person\/image\/","url":"https:\/\/i0.wp.com\/www.herztoenchen.com\/ukulelefee\/wp-content\/uploads\/2023\/05\/400dpiLogoCropped_400px_MSGFarben.png?fit=400%2C400&ssl=1","contentUrl":"https:\/\/i0.wp.com\/www.herztoenchen.com\/ukulelefee\/wp-content\/uploads\/2023\/05\/400dpiLogoCropped_400px_MSGFarben.png?fit=400%2C400&ssl=1","width":400,"height":400,"caption":"Gabriela"},"logo":{"@id":"https:\/\/www.herztoenchen.com\/ukulelefee\/#\/schema\/person\/image\/"},"description":"Gabriela Grafeneder ist eine leidenschaftliche Ukulelelehrerin und YouTuberin aus \u00d6sterreich. Seit 2017 unterrichtet sie Ukulele in Form von Einzelunterricht und Workshops, sowohl in Pr\u00e4senz als auch online. Gabriela legt gro\u00dfen Wert darauf, dass ihre Sch\u00fcler*innen in ihrem Unterricht eine entspannte und motivierende Atmosph\u00e4re vorfinden, in der sie ihre musikalischen F\u00e4higkeiten entfalten und weiterentwickeln k\u00f6nnen. Auf ihrem YouTube-Kanal \"Ukulelefee\" begeistert Gabriela Grafeneder ihre Abonnentinnen mit ihren kreativen Videos rund um die Ukulele. Sie zeigt, wie man verschiedene Lieder und Akkorde auf der Ukulele spielt und gibt n\u00fctzliche Tipps und Tricks f\u00fcr Anf\u00e4ngerinnen und Fortgeschrittene. Durch ihre offene und zug\u00e4ngliche Art und ihre Begeisterung f\u00fcr die Ukulele hat Gabriela Grafeneder eine wachsende Fangemeinde aufgebaut und sich zu einer wichtigen Pers\u00f6nlichkeit in der Ukulele-Community entwickelt.","sameAs":["http:\/\/www.ukulelefee.at","https:\/\/www.facebook.com\/gabigrafeneder","https:\/\/www.instagram.com\/ukulelefee\/","https:\/\/www.youtube.com\/ukulelefee"],"url":"https:\/\/www.herztoenchen.com\/ukulelefee\/author\/gabriela\/"}]}},"jetpack_publicize_connections":[],"jetpack_featured_media_url":"https:\/\/i0.wp.com\/www.herztoenchen.com\/ukulelefee\/wp-content\/uploads\/2018\/11\/UkuleleTabsChords_Anfangsbuchstaben_W.png?fit=1920%2C1280&ssl=1","jetpack_sharing_enabled":false,"jetpack_shortlink":"https:\/\/wp.me\/pahbnc-9m","jetpack-related-posts":[{"id":583,"url":"https:\/\/www.herztoenchen.com\/ukulelefee\/jingle-bells\/","url_meta":{"origin":580,"position":0},"title":"Jingle Bells","author":"Gabriela","date":"12. November 2018","format":"link","excerpt":"[vc_row][vc_column][vc_btn title=\"Download\" color=\"chino\" link=\"url:http%3A%2F%2Fwww.herztoenchen.com%2Fukulelefee%2Fwp-content%2Fuploads%2F2023%2F12%2FNoten-E-Book-Jingle-Bells.pdf|||\"][\/vc_column][\/vc_row][vc_row][vc_column][vc_column_text] \u00a0 \u00a0 <A rel=\"nofollow\" HREF=\"\/\/ws-eu.amazon-adsystem.com\/widgets\/q?rt=tf_cw&ServiceVersion=20070822&MarketPlace=DE&ID=V20070822%2FDE%2Fherztfamilund-21%2F8010%2F4c233057-9ff7-449f-b16c-a18a1cb6c7d2&Operation=NoScript\">Amazon.de Widgets<\/A>[\/vc_column_text][\/vc_column][\/vc_row]","rel":"","context":"In &quot;Weihnachten&quot;","block_context":{"text":"Weihnachten","link":"https:\/\/www.herztoenchen.com\/ukulelefee\/category\/weihnachten\/"},"img":{"alt_text":"","src":"https:\/\/i0.wp.com\/www.herztoenchen.com\/ukulelefee\/wp-content\/uploads\/2018\/11\/UkuleleTabsChords_Anfangsbuchstaben_J.png?fit=1200%2C800&ssl=1&resize=350%2C200","width":350,"height":200,"srcset":"https:\/\/i0.wp.com\/www.herztoenchen.com\/ukulelefee\/wp-content\/uploads\/2018\/11\/UkuleleTabsChords_Anfangsbuchstaben_J.png?fit=1200%2C800&ssl=1&resize=350%2C200 1x, https:\/\/i0.wp.com\/www.herztoenchen.com\/ukulelefee\/wp-content\/uploads\/2018\/11\/UkuleleTabsChords_Anfangsbuchstaben_J.png?fit=1200%2C800&ssl=1&resize=525%2C300 1.5x, https:\/\/i0.wp.com\/www.herztoenchen.com\/ukulelefee\/wp-content\/uploads\/2018\/11\/UkuleleTabsChords_Anfangsbuchstaben_J.png?fit=1200%2C800&ssl=1&resize=700%2C400 2x, https:\/\/i0.wp.com\/www.herztoenchen.com\/ukulelefee\/wp-content\/uploads\/2018\/11\/UkuleleTabsChords_Anfangsbuchstaben_J.png?fit=1200%2C800&ssl=1&resize=1050%2C600 3x"},"classes":[]},{"id":586,"url":"https:\/\/www.herztoenchen.com\/ukulelefee\/weihnachtsstern\/","url_meta":{"origin":580,"position":1},"title":"Weihnachtsstern","author":"Gabriela","date":"12. November 2018","format":"link","excerpt":"Download: Weihnachtsstern\u00a0Text: Vera v. Grimm, Melodie angeblich aus dem indianisch, siehe A.Dvoracs V. Sinfonie. Mehr Noten plus Coaching auf meiner Patreon Seite! \u00a0 <A rel=\"nofollow\" HREF=\"\/\/ws-eu.amazon-adsystem.com\/widgets\/q?rt=tf_cw&ServiceVersion=20070822&MarketPlace=DE&ID=V20070822%2FDE%2Fherztfamilund-21%2F8010%2F4c233057-9ff7-449f-b16c-a18a1cb6c7d2&Operation=NoScript\">Amazon.de Widgets<\/A>","rel":"","context":"In &quot;Weihnachten&quot;","block_context":{"text":"Weihnachten","link":"https:\/\/www.herztoenchen.com\/ukulelefee\/category\/weihnachten\/"},"img":{"alt_text":"","src":"https:\/\/i0.wp.com\/www.herztoenchen.com\/ukulelefee\/wp-content\/uploads\/2018\/11\/UkuleleTabsChords_Anfangsbuchstaben_W.png?fit=1200%2C800&ssl=1&resize=350%2C200","width":350,"height":200,"srcset":"https:\/\/i0.wp.com\/www.herztoenchen.com\/ukulelefee\/wp-content\/uploads\/2018\/11\/UkuleleTabsChords_Anfangsbuchstaben_W.png?fit=1200%2C800&ssl=1&resize=350%2C200 1x, https:\/\/i0.wp.com\/www.herztoenchen.com\/ukulelefee\/wp-content\/uploads\/2018\/11\/UkuleleTabsChords_Anfangsbuchstaben_W.png?fit=1200%2C800&ssl=1&resize=525%2C300 1.5x, https:\/\/i0.wp.com\/www.herztoenchen.com\/ukulelefee\/wp-content\/uploads\/2018\/11\/UkuleleTabsChords_Anfangsbuchstaben_W.png?fit=1200%2C800&ssl=1&resize=700%2C400 2x, https:\/\/i0.wp.com\/www.herztoenchen.com\/ukulelefee\/wp-content\/uploads\/2018\/11\/UkuleleTabsChords_Anfangsbuchstaben_W.png?fit=1200%2C800&ssl=1&resize=1050%2C600 3x"},"classes":[]},{"id":607,"url":"https:\/\/www.herztoenchen.com\/ukulelefee\/still-still-still-weils-kindlein-schlafen-will\/","url_meta":{"origin":580,"position":2},"title":"Still, still, still, weil\u00b4s Kindlein schlafen will","author":"Gabriela","date":"12. Dezember 2018","format":"link","excerpt":"Download: Still, still, still, weil\u00b4s Kindlein schlafen will Mehr Noten plus Coaching auf meiner Patreon Seite! \u00a0 \u00a0 <A rel=\"nofollow\" HREF=\"\/\/ws-eu.amazon-adsystem.com\/widgets\/q?rt=tf_cw&ServiceVersion=20070822&MarketPlace=DE&ID=V20070822%2FDE%2Fherztfamilund-21%2F8010%2F4c233057-9ff7-449f-b16c-a18a1cb6c7d2&Operation=NoScript\">Amazon.de Widgets<\/A>","rel":"","context":"In &quot;Weihnachten&quot;","block_context":{"text":"Weihnachten","link":"https:\/\/www.herztoenchen.com\/ukulelefee\/category\/weihnachten\/"},"img":{"alt_text":"","src":"https:\/\/i0.wp.com\/www.herztoenchen.com\/ukulelefee\/wp-content\/uploads\/2018\/11\/UkuleleTabsChords_Anfangsbuchstaben_S.png?fit=1200%2C800&ssl=1&resize=350%2C200","width":350,"height":200,"srcset":"https:\/\/i0.wp.com\/www.herztoenchen.com\/ukulelefee\/wp-content\/uploads\/2018\/11\/UkuleleTabsChords_Anfangsbuchstaben_S.png?fit=1200%2C800&ssl=1&resize=350%2C200 1x, https:\/\/i0.wp.com\/www.herztoenchen.com\/ukulelefee\/wp-content\/uploads\/2018\/11\/UkuleleTabsChords_Anfangsbuchstaben_S.png?fit=1200%2C800&ssl=1&resize=525%2C300 1.5x, https:\/\/i0.wp.com\/www.herztoenchen.com\/ukulelefee\/wp-content\/uploads\/2018\/11\/UkuleleTabsChords_Anfangsbuchstaben_S.png?fit=1200%2C800&ssl=1&resize=700%2C400 2x, https:\/\/i0.wp.com\/www.herztoenchen.com\/ukulelefee\/wp-content\/uploads\/2018\/11\/UkuleleTabsChords_Anfangsbuchstaben_S.png?fit=1200%2C800&ssl=1&resize=1050%2C600 3x"},"classes":[]},{"id":340,"url":"https:\/\/www.herztoenchen.com\/ukulelefee\/stille-nacht\/","url_meta":{"origin":580,"position":3},"title":"Stille Nacht","author":"Gabriela","date":"5. November 2018","format":"link","excerpt":"[vc_row][vc_column][vc_btn title=\"Download\" color=\"chino\" link=\"url:http%3A%2F%2Fwww.herztoenchen.com%2Fukulelefee%2Fwp-content%2Fuploads%2F2023%2F12%2FNoten-E-Book-Stille-Nacht.pdf|title:Stille%20Nacht||\"][\/vc_column][\/vc_row][vc_row][vc_column][vc_column_text] \u00a0 \u00a0 Amazon.de Widgets[\/vc_column_text][\/vc_column][\/vc_row]","rel":"","context":"In &quot;Weihnachten&quot;","block_context":{"text":"Weihnachten","link":"https:\/\/www.herztoenchen.com\/ukulelefee\/category\/weihnachten\/"},"img":{"alt_text":"","src":"https:\/\/i0.wp.com\/www.herztoenchen.com\/ukulelefee\/wp-content\/uploads\/2018\/11\/UkuleleTabsChords_Anfangsbuchstaben_S.png?fit=1200%2C800&ssl=1&resize=350%2C200","width":350,"height":200,"srcset":"https:\/\/i0.wp.com\/www.herztoenchen.com\/ukulelefee\/wp-content\/uploads\/2018\/11\/UkuleleTabsChords_Anfangsbuchstaben_S.png?fit=1200%2C800&ssl=1&resize=350%2C200 1x, https:\/\/i0.wp.com\/www.herztoenchen.com\/ukulelefee\/wp-content\/uploads\/2018\/11\/UkuleleTabsChords_Anfangsbuchstaben_S.png?fit=1200%2C800&ssl=1&resize=525%2C300 1.5x, https:\/\/i0.wp.com\/www.herztoenchen.com\/ukulelefee\/wp-content\/uploads\/2018\/11\/UkuleleTabsChords_Anfangsbuchstaben_S.png?fit=1200%2C800&ssl=1&resize=700%2C400 2x, https:\/\/i0.wp.com\/www.herztoenchen.com\/ukulelefee\/wp-content\/uploads\/2018\/11\/UkuleleTabsChords_Anfangsbuchstaben_S.png?fit=1200%2C800&ssl=1&resize=1050%2C600 3x"},"classes":[]},{"id":592,"url":"https:\/\/www.herztoenchen.com\/ukulelefee\/feliz-navidad\/","url_meta":{"origin":580,"position":4},"title":"Feliz Navidad","author":"Gabriela","date":"29. November 2018","format":"link","excerpt":"[vc_row][vc_column][vc_btn title=\"Download\" color=\"chino\" link=\"url:http%3A%2F%2Fwww.herztoenchen.com%2Fukulelefee%2Fwp-content%2Fuploads%2F2023%2F12%2FNoten-E-Book-Feliz-Navidad.pdf|title:Feliz%20Navidad||\"][\/vc_column][\/vc_row][vc_row][vc_column][vc_column_text] \u00a0 \u00a0 Amazon.de Widgets[\/vc_column_text][\/vc_column][\/vc_row]","rel":"","context":"In &quot;Weihnachten&quot;","block_context":{"text":"Weihnachten","link":"https:\/\/www.herztoenchen.com\/ukulelefee\/category\/weihnachten\/"},"img":{"alt_text":"","src":"https:\/\/i0.wp.com\/www.herztoenchen.com\/ukulelefee\/wp-content\/uploads\/2018\/11\/UkuleleTabsChords_Anfangsbuchstaben_F.png?fit=1200%2C800&ssl=1&resize=350%2C200","width":350,"height":200,"srcset":"https:\/\/i0.wp.com\/www.herztoenchen.com\/ukulelefee\/wp-content\/uploads\/2018\/11\/UkuleleTabsChords_Anfangsbuchstaben_F.png?fit=1200%2C800&ssl=1&resize=350%2C200 1x, https:\/\/i0.wp.com\/www.herztoenchen.com\/ukulelefee\/wp-content\/uploads\/2018\/11\/UkuleleTabsChords_Anfangsbuchstaben_F.png?fit=1200%2C800&ssl=1&resize=525%2C300 1.5x, https:\/\/i0.wp.com\/www.herztoenchen.com\/ukulelefee\/wp-content\/uploads\/2018\/11\/UkuleleTabsChords_Anfangsbuchstaben_F.png?fit=1200%2C800&ssl=1&resize=700%2C400 2x, https:\/\/i0.wp.com\/www.herztoenchen.com\/ukulelefee\/wp-content\/uploads\/2018\/11\/UkuleleTabsChords_Anfangsbuchstaben_F.png?fit=1200%2C800&ssl=1&resize=1050%2C600 3x"},"classes":[]},{"id":610,"url":"https:\/\/www.herztoenchen.com\/ukulelefee\/der-kleine-trommler-little-drummer-boy\/","url_meta":{"origin":580,"position":5},"title":"Der kleine Trommler (Little Drummer Boy)","author":"Gabriela","date":"12. Dezember 2018","format":"link","excerpt":"\u00a0 \u00a0 \u00a0 \u00a0 \u00a0 Download: Der kleine Trommler \u00a0 \u00a0 &lt;A rel=\"nofollow\" HREF=\"\/\/ws-eu.amazon-adsystem.com\/widgets\/q?rt=tf_cw&amp;ServiceVersion=20070822&amp;MarketPlace=DE&amp;ID=V20070822%2FDE%2Fherztfamilund-21%2F8010%2F4c233057-9ff7-449f-b16c-a18a1cb6c7d2&amp;Operation=NoScript\"&gt;Amazon.de Widgets&lt;\/A&gt;","rel":"","context":"In &quot;Weihnachten&quot;","block_context":{"text":"Weihnachten","link":"https:\/\/www.herztoenchen.com\/ukulelefee\/category\/weihnachten\/"},"img":{"alt_text":"","src":"https:\/\/i0.wp.com\/www.herztoenchen.com\/ukulelefee\/wp-content\/uploads\/2018\/10\/UkuleleChords_Anfangsbuchstaben_D.png?fit=1200%2C800&ssl=1&resize=350%2C200","width":350,"height":200,"srcset":"https:\/\/i0.wp.com\/www.herztoenchen.com\/ukulelefee\/wp-content\/uploads\/2018\/10\/UkuleleChords_Anfangsbuchstaben_D.png?fit=1200%2C800&ssl=1&resize=350%2C200 1x, https:\/\/i0.wp.com\/www.herztoenchen.com\/ukulelefee\/wp-content\/uploads\/2018\/10\/UkuleleChords_Anfangsbuchstaben_D.png?fit=1200%2C800&ssl=1&resize=525%2C300 1.5x, https:\/\/i0.wp.com\/www.herztoenchen.com\/ukulelefee\/wp-content\/uploads\/2018\/10\/UkuleleChords_Anfangsbuchstaben_D.png?fit=1200%2C800&ssl=1&resize=700%2C400 2x, https:\/\/i0.wp.com\/www.herztoenchen.com\/ukulelefee\/wp-content\/uploads\/2018\/10\/UkuleleChords_Anfangsbuchstaben_D.png?fit=1200%2C800&ssl=1&resize=1050%2C600 3x"},"classes":[]}],"jetpack_likes_enabled":true,"_links":{"self":[{"href":"https:\/\/www.herztoenchen.com\/ukulelefee\/wp-json\/wp\/v2\/posts\/580","targetHints":{"allow":["GET"]}}],"collection":[{"href":"https:\/\/www.herztoenchen.com\/ukulelefee\/wp-json\/wp\/v2\/posts"}],"about":[{"href":"https:\/\/www.herztoenchen.com\/ukulelefee\/wp-json\/wp\/v2\/types\/post"}],"author":[{"embeddable":true,"href":"https:\/\/www.herztoenchen.com\/ukulelefee\/wp-json\/wp\/v2\/users\/1"}],"replies":[{"embeddable":true,"href":"https:\/\/www.herztoenchen.com\/ukulelefee\/wp-json\/wp\/v2\/comments?post=580"}],"version-history":[{"count":5,"href":"https:\/\/www.herztoenchen.com\/ukulelefee\/wp-json\/wp\/v2\/posts\/580\/revisions"}],"predecessor-version":[{"id":29348,"href":"https:\/\/www.herztoenchen.com\/ukulelefee\/wp-json\/wp\/v2\/posts\/580\/revisions\/29348"}],"wp:featuredmedia":[{"embeddable":true,"href":"https:\/\/www.herztoenchen.com\/ukulelefee\/wp-json\/wp\/v2\/media\/491"}],"wp:attachment":[{"href":"https:\/\/www.herztoenchen.com\/ukulelefee\/wp-json\/wp\/v2\/media?parent=580"}],"wp:term":[{"taxonomy":"category","embeddable":true,"href":"https:\/\/www.herztoenchen.com\/ukulelefee\/wp-json\/wp\/v2\/categories?post=580"},{"taxonomy":"post_tag","embeddable":true,"href":"https:\/\/www.herztoenchen.com\/ukulelefee\/wp-json\/wp\/v2\/tags?post=580"}],"curies":[{"name":"wp","href":"https:\/\/api.w.org\/{rel}","templated":true}]}}